{"id":1932,"date":"2023-03-29T00:12:14","date_gmt":"2023-03-29T00:12:14","guid":{"rendered":"https:\/\/www.sob-saalfelden2.komd.hbla-saalfelden.at\/?p=1932"},"modified":"2023-04-29T19:13:10","modified_gmt":"2023-04-29T19:13:10","slug":"sommerfest-der-herzenswuensche","status":"publish","type":"post","link":"https:\/\/www.sob-saalfelden.at\/?p=1932","title":{"rendered":"Sommerfest der Herzensw\u00fcnsche"},"content":{"rendered":"\n<div class=\"blockart-section blockart-section-e32386f3\"><div class=\"blockart-container\"><div class=\"blockart-section-inner\">\n<div class=\"blockart-column blockart-column-ac605af5\"><div class=\"blockart-column-inner\">\n<h2 class=\"blockart-heading blockart-heading-9743e0ed\">Sommerfest <\/h2>\n\n\n\n<p class=\"blockart-paragraph blockart-paragraph-0208ea47\">Als kr\u00f6nenden Abschluss des Projekts haben die Studierenden ein Sommerfest organisiert. Die Bewohnerinnen und Bewohner des Pflegeheims wurden eingeladen, gemeinsam mit den Studierenden und ihren Angeh\u00f6rigen zu feiern. F\u00fcr musikalische Unterhaltung sorgte eine Musikkapelle, die die G\u00e4ste mit bekannten Melodien begeisterte.<\/p>\n\n\n\n<div class=\"blockart-image blockart-image-829a7747\"><img decoding=\"async\" loading=\"lazy\" class=\"wp-image-3598\" src=\"https:\/\/www.sob-saalfelden.at\/wp-content\/uploads\/2023\/03\/sommerfest.jpg\" alt=\"\" height=\"1381\" width=\"2048\" srcset=\"https:\/\/www.sob-saalfelden.at\/wp-content\/uploads\/2023\/03\/sommerfest.jpg 2048w, https:\/\/www.sob-saalfelden.at\/wp-content\/uploads\/2023\/03\/sommerfest-300x202.jpg 300w, https:\/\/www.sob-saalfelden.at\/wp-content\/uploads\/2023\/03\/sommerfest-1024x691.jpg 1024w, https:\/\/www.sob-saalfelden.at\/wp-content\/uploads\/2023\/03\/sommerfest-768x518.jpg 768w, https:\/\/www.sob-saalfelden.at\/wp-content\/uploads\/2023\/03\/sommerfest-1536x1036.jpg 1536w\" sizes=\"(max-width: 2048px) 100vw, 2048px\" \/><\/div>\n<\/div><\/div>\n\n\n\n<div class=\"blockart-column blockart-column-9bb1cbc1\"><div class=\"blockart-column-inner\">\n<div class=\"blockart-image blockart-image-afec2769\"><img decoding=\"async\" loading=\"lazy\" class=\"wp-image-1957\" src=\"https:\/\/www.sob-saalfelden.at\/wp-content\/uploads\/2023\/03\/sommerfest3.jpg\" alt=\"\" height=\"640\" width=\"503\" srcset=\"https:\/\/www.sob-saalfelden.at\/wp-content\/uploads\/2023\/03\/sommerfest3.jpg 503w, https:\/\/www.sob-saalfelden.at\/wp-content\/uploads\/2023\/03\/sommerfest3-236x300.jpg 236w\" sizes=\"(max-width: 503px) 100vw, 503px\" \/><\/div>\n\n\n\n<p class=\"blockart-paragraph blockart-paragraph-10953a82\">F\u00fcr das leibliche Wohl wurde ebenfalls gesorgt: Es gab Krapfen mit Sauerkraut sowie s\u00fc\u00dfe K\u00f6stlichkeiten. Besonders beliebt war die eigens aufgestellte Eisbar, an der sich die G\u00e4ste bei den sommerlichen Temperaturen erfrischen konnten.<\/p>\n\n\n\n<p class=\"blockart-paragraph blockart-paragraph-d63813f1\">Das Sommerfest war ein gro\u00dfer Erfolg und alle Beteiligten genossen den gemeinsamen Tag. Die Bewohnerinnen und Bewohner des Pflegeheims waren begeistert von den erf\u00fcllten Herzensw\u00fcnschen und den aufmerksamen Studierenden, die sich so viel M\u00fche gegeben hatten, um ihre W\u00fcnsche zu erf\u00fcllen. Die Studierenden haben mit dem Projekt nicht nur den Bewohnerinnen und Bewohnern des Pflegeheims eine Freude gemacht, sondern auch gezeigt, wie wichtig es ist, sich f\u00fcr andere Menschen zu engagieren und auf ihre Bed\u00fcrfnisse einzugehen.<\/p>\n<\/div><\/div>\n<\/div><\/div><\/div>\n","protected":false},"excerpt":{"rendered":"","protected":false},"author":1,"featured_media":0,"comment_status":"closed","ping_status":"open","sticky":false,"template":"","format":"standard","meta":[],"categories":[1],"tags":[],"yoast_head":"<!-- This site is optimized with the Yoast SEO plugin v20.11 - https:\/\/yoast.com\/wordpress\/plugins\/seo\/ -->\n<title>Sommerfest der Herzensw\u00fcnsche - SOB Saalfelden<\/title>\n<meta name=\"description\" content=\"Pflegeausbildung, - Pinzgau - Sozialbetreuung - Fachsozialbetreuung - Behindertenbegleitung - Altenarbeit - Behindertenarbeit\" \/>\n<meta name=\"robots\" content=\"index, follow, max-snippet:-1, max-image-preview:large, max-video-preview:-1\" \/>\n<link rel=\"canonical\" href=\"https:\/\/www.sob-saalfelden.at\/?p=1932\" \/>\n<meta property=\"og:locale\" content=\"de_DE\" \/>\n<meta property=\"og:type\" content=\"article\" \/>\n<meta property=\"og:title\" content=\"Sommerfest der Herzensw\u00fcnsche - SOB Saalfelden\" \/>\n<meta property=\"og:description\" content=\"Pflegeausbildung, - Pinzgau - Sozialbetreuung - Fachsozialbetreuung - Behindertenbegleitung - Altenarbeit - Behindertenarbeit\" \/>\n<meta property=\"og:url\" content=\"https:\/\/www.sob-saalfelden.at\/?p=1932\" \/>\n<meta property=\"og:site_name\" content=\"SOB Saalfelden\" \/>\n<meta property=\"article:publisher\" content=\"https:\/\/www.facebook.com\/profile.php?id=100054260961375&amp;locale=de_DE\" \/>\n<meta property=\"article:published_time\" content=\"2023-03-29T00:12:14+00:00\" \/>\n<meta property=\"article:modified_time\" content=\"2023-04-29T19:13:10+00:00\" \/>\n<meta property=\"og:image\" content=\"https:\/\/www.sob-saalfelden.at\/wp-content\/uploads\/2023\/03\/eroeffnung-kreativraum.jpg\" \/>\n<meta name=\"author\" content=\"admin\" \/>\n<meta name=\"twitter:card\" content=\"summary_large_image\" \/>\n<meta name=\"twitter:label1\" content=\"Verfasst von\" \/>\n\t<meta name=\"twitter:data1\" content=\"admin\" \/>\n\t<meta name=\"twitter:label2\" content=\"Gesch\u00e4tzte Lesezeit\" \/>\n\t<meta name=\"twitter:data2\" content=\"1 Minute\" \/>\n<script type=\"application\/ld+json\" class=\"yoast-schema-graph\">{\"@context\":\"https:\/\/schema.org\",\"@graph\":[{\"@type\":\"Article\",\"@id\":\"https:\/\/www.sob-saalfelden.at\/?p=1932#article\",\"isPartOf\":{\"@id\":\"https:\/\/www.sob-saalfelden.at\/?p=1932\"},\"author\":{\"name\":\"admin\",\"@id\":\"https:\/\/www.sob-saalfelden.at\/#\/schema\/person\/58729872dd354fcca589a3c851d0412e\"},\"headline\":\"Sommerfest der Herzensw\u00fcnsche\",\"datePublished\":\"2023-03-29T00:12:14+00:00\",\"dateModified\":\"2023-04-29T19:13:10+00:00\",\"mainEntityOfPage\":{\"@id\":\"https:\/\/www.sob-saalfelden.at\/?p=1932\"},\"wordCount\":171,\"publisher\":{\"@id\":\"https:\/\/www.sob-saalfelden.at\/#organization\"},\"articleSection\":[\"Uncategorized\"],\"inLanguage\":\"de-AT\"},{\"@type\":\"WebPage\",\"@id\":\"https:\/\/www.sob-saalfelden.at\/?p=1932\",\"url\":\"https:\/\/www.sob-saalfelden.at\/?p=1932\",\"name\":\"Sommerfest der Herzensw\u00fcnsche - SOB Saalfelden\",\"isPartOf\":{\"@id\":\"https:\/\/www.sob-saalfelden.at\/#website\"},\"datePublished\":\"2023-03-29T00:12:14+00:00\",\"dateModified\":\"2023-04-29T19:13:10+00:00\",\"description\":\"Pflegeausbildung, - Pinzgau - Sozialbetreuung - Fachsozialbetreuung - Behindertenbegleitung - Altenarbeit - Behindertenarbeit\",\"breadcrumb\":{\"@id\":\"https:\/\/www.sob-saalfelden.at\/?p=1932#breadcrumb\"},\"inLanguage\":\"de-AT\",\"potentialAction\":[{\"@type\":\"ReadAction\",\"target\":[\"https:\/\/www.sob-saalfelden.at\/?p=1932\"]}]},{\"@type\":\"BreadcrumbList\",\"@id\":\"https:\/\/www.sob-saalfelden.at\/?p=1932#breadcrumb\",\"itemListElement\":[{\"@type\":\"ListItem\",\"position\":1,\"name\":\"Home\",\"item\":\"https:\/\/www.sob-saalfelden.at\/\"},{\"@type\":\"ListItem\",\"position\":2,\"name\":\"Sommerfest der Herzensw\u00fcnsche\"}]},{\"@type\":\"WebSite\",\"@id\":\"https:\/\/www.sob-saalfelden.at\/#website\",\"url\":\"https:\/\/www.sob-saalfelden.at\/\",\"name\":\"SOB Saalfelden\",\"description\":\"Schule f\u00fcr Sozialbetreuungsberufe\/Altenarbeit\",\"publisher\":{\"@id\":\"https:\/\/www.sob-saalfelden.at\/#organization\"},\"alternateName\":\"Schule f\u00fcr Sozialbetreuungsberufe\/Altenarbeit\",\"potentialAction\":[{\"@type\":\"SearchAction\",\"target\":{\"@type\":\"EntryPoint\",\"urlTemplate\":\"https:\/\/www.sob-saalfelden.at\/?s={search_term_string}\"},\"query-input\":\"required name=search_term_string\"}],\"inLanguage\":\"de-AT\"},{\"@type\":\"Organization\",\"@id\":\"https:\/\/www.sob-saalfelden.at\/#organization\",\"name\":\"SOB Saalfelden\",\"alternateName\":\"Schule f\u00fcr Sozialbetreuungsberufe\/Altenarbeit\",\"url\":\"https:\/\/www.sob-saalfelden.at\/\",\"logo\":{\"@type\":\"ImageObject\",\"inLanguage\":\"de-AT\",\"@id\":\"https:\/\/www.sob-saalfelden.at\/#\/schema\/logo\/image\/\",\"url\":\"https:\/\/www.sob-saalfelden.at\/wp-content\/uploads\/2023\/03\/sob-icon.png\",\"contentUrl\":\"https:\/\/www.sob-saalfelden.at\/wp-content\/uploads\/2023\/03\/sob-icon.png\",\"width\":99,\"height\":101,\"caption\":\"SOB Saalfelden\"},\"image\":{\"@id\":\"https:\/\/www.sob-saalfelden.at\/#\/schema\/logo\/image\/\"},\"sameAs\":[\"https:\/\/www.facebook.com\/profile.php?id=100054260961375&locale=de_DE\",\"https:\/\/www.instagram.com\/sob.saalfelden\/\"]},{\"@type\":\"Person\",\"@id\":\"https:\/\/www.sob-saalfelden.at\/#\/schema\/person\/58729872dd354fcca589a3c851d0412e\",\"name\":\"admin\",\"image\":{\"@type\":\"ImageObject\",\"inLanguage\":\"de-AT\",\"@id\":\"https:\/\/www.sob-saalfelden.at\/#\/schema\/person\/image\/\",\"url\":\"https:\/\/secure.gravatar.com\/avatar\/dafd730e6e02a3b5077be26a9fbfe0ed?s=96&d=mm&r=g\",\"contentUrl\":\"https:\/\/secure.gravatar.com\/avatar\/dafd730e6e02a3b5077be26a9fbfe0ed?s=96&d=mm&r=g\",\"caption\":\"admin\"},\"sameAs\":[\"https:\/\/www.sob-saalfelden.at\"],\"url\":\"https:\/\/www.sob-saalfelden.at\/?author=1\"}]}<\/script>\n<!-- \/ Yoast SEO plugin. -->","yoast_head_json":{"title":"Sommerfest der Herzensw\u00fcnsche - SOB Saalfelden","description":"Pflegeausbildung, - Pinzgau - Sozialbetreuung - Fachsozialbetreuung - Behindertenbegleitung - Altenarbeit - Behindertenarbeit","robots":{"index":"index","follow":"follow","max-snippet":"max-snippet:-1","max-image-preview":"max-image-preview:large","max-video-preview":"max-video-preview:-1"},"canonical":"https:\/\/www.sob-saalfelden.at\/?p=1932","og_locale":"de_DE","og_type":"article","og_title":"Sommerfest der Herzensw\u00fcnsche - SOB Saalfelden","og_description":"Pflegeausbildung, - Pinzgau - Sozialbetreuung - Fachsozialbetreuung - Behindertenbegleitung - Altenarbeit - Behindertenarbeit","og_url":"https:\/\/www.sob-saalfelden.at\/?p=1932","og_site_name":"SOB Saalfelden","article_publisher":"https:\/\/www.facebook.com\/profile.php?id=100054260961375&locale=de_DE","article_published_time":"2023-03-29T00:12:14+00:00","article_modified_time":"2023-04-29T19:13:10+00:00","og_image":[{"url":"https:\/\/www.sob-saalfelden.at\/wp-content\/uploads\/2023\/03\/eroeffnung-kreativraum.jpg"}],"author":"admin","twitter_card":"summary_large_image","twitter_misc":{"Verfasst von":"admin","Gesch\u00e4tzte Lesezeit":"1 Minute"},"schema":{"@context":"https:\/\/schema.org","@graph":[{"@type":"Article","@id":"https:\/\/www.sob-saalfelden.at\/?p=1932#article","isPartOf":{"@id":"https:\/\/www.sob-saalfelden.at\/?p=1932"},"author":{"name":"admin","@id":"https:\/\/www.sob-saalfelden.at\/#\/schema\/person\/58729872dd354fcca589a3c851d0412e"},"headline":"Sommerfest der Herzensw\u00fcnsche","datePublished":"2023-03-29T00:12:14+00:00","dateModified":"2023-04-29T19:13:10+00:00","mainEntityOfPage":{"@id":"https:\/\/www.sob-saalfelden.at\/?p=1932"},"wordCount":171,"publisher":{"@id":"https:\/\/www.sob-saalfelden.at\/#organization"},"articleSection":["Uncategorized"],"inLanguage":"de-AT"},{"@type":"WebPage","@id":"https:\/\/www.sob-saalfelden.at\/?p=1932","url":"https:\/\/www.sob-saalfelden.at\/?p=1932","name":"Sommerfest der Herzensw\u00fcnsche - SOB Saalfelden","isPartOf":{"@id":"https:\/\/www.sob-saalfelden.at\/#website"},"datePublished":"2023-03-29T00:12:14+00:00","dateModified":"2023-04-29T19:13:10+00:00","description":"Pflegeausbildung, - Pinzgau - Sozialbetreuung - Fachsozialbetreuung - Behindertenbegleitung - Altenarbeit - Behindertenarbeit","breadcrumb":{"@id":"https:\/\/www.sob-saalfelden.at\/?p=1932#breadcrumb"},"inLanguage":"de-AT","potentialAction":[{"@type":"ReadAction","target":["https:\/\/www.sob-saalfelden.at\/?p=1932"]}]},{"@type":"BreadcrumbList","@id":"https:\/\/www.sob-saalfelden.at\/?p=1932#breadcrumb","itemListElement":[{"@type":"ListItem","position":1,"name":"Home","item":"https:\/\/www.sob-saalfelden.at\/"},{"@type":"ListItem","position":2,"name":"Sommerfest der Herzensw\u00fcnsche"}]},{"@type":"WebSite","@id":"https:\/\/www.sob-saalfelden.at\/#website","url":"https:\/\/www.sob-saalfelden.at\/","name":"SOB Saalfelden","description":"Schule f\u00fcr Sozialbetreuungsberufe\/Altenarbeit","publisher":{"@id":"https:\/\/www.sob-saalfelden.at\/#organization"},"alternateName":"Schule f\u00fcr Sozialbetreuungsberufe\/Altenarbeit","potentialAction":[{"@type":"SearchAction","target":{"@type":"EntryPoint","urlTemplate":"https:\/\/www.sob-saalfelden.at\/?s={search_term_string}"},"query-input":"required name=search_term_string"}],"inLanguage":"de-AT"},{"@type":"Organization","@id":"https:\/\/www.sob-saalfelden.at\/#organization","name":"SOB Saalfelden","alternateName":"Schule f\u00fcr Sozialbetreuungsberufe\/Altenarbeit","url":"https:\/\/www.sob-saalfelden.at\/","logo":{"@type":"ImageObject","inLanguage":"de-AT","@id":"https:\/\/www.sob-saalfelden.at\/#\/schema\/logo\/image\/","url":"https:\/\/www.sob-saalfelden.at\/wp-content\/uploads\/2023\/03\/sob-icon.png","contentUrl":"https:\/\/www.sob-saalfelden.at\/wp-content\/uploads\/2023\/03\/sob-icon.png","width":99,"height":101,"caption":"SOB Saalfelden"},"image":{"@id":"https:\/\/www.sob-saalfelden.at\/#\/schema\/logo\/image\/"},"sameAs":["https:\/\/www.facebook.com\/profile.php?id=100054260961375&locale=de_DE","https:\/\/www.instagram.com\/sob.saalfelden\/"]},{"@type":"Person","@id":"https:\/\/www.sob-saalfelden.at\/#\/schema\/person\/58729872dd354fcca589a3c851d0412e","name":"admin","image":{"@type":"ImageObject","inLanguage":"de-AT","@id":"https:\/\/www.sob-saalfelden.at\/#\/schema\/person\/image\/","url":"https:\/\/secure.gravatar.com\/avatar\/dafd730e6e02a3b5077be26a9fbfe0ed?s=96&d=mm&r=g","contentUrl":"https:\/\/secure.gravatar.com\/avatar\/dafd730e6e02a3b5077be26a9fbfe0ed?s=96&d=mm&r=g","caption":"admin"},"sameAs":["https:\/\/www.sob-saalfelden.at"],"url":"https:\/\/www.sob-saalfelden.at\/?author=1"}]}},"_links":{"self":[{"href":"https:\/\/www.sob-saalfelden.at\/index.php?rest_route=\/wp\/v2\/posts\/1932"}],"collection":[{"href":"https:\/\/www.sob-saalfelden.at\/index.php?rest_route=\/wp\/v2\/posts"}],"about":[{"href":"https:\/\/www.sob-saalfelden.at\/index.php?rest_route=\/wp\/v2\/types\/post"}],"author":[{"embeddable":true,"href":"https:\/\/www.sob-saalfelden.at\/index.php?rest_route=\/wp\/v2\/users\/1"}],"replies":[{"embeddable":true,"href":"https:\/\/www.sob-saalfelden.at\/index.php?rest_route=%2Fwp%2Fv2%2Fcomments&post=1932"}],"version-history":[{"count":10,"href":"https:\/\/www.sob-saalfelden.at\/index.php?rest_route=\/wp\/v2\/posts\/1932\/revisions"}],"predecessor-version":[{"id":3599,"href":"https:\/\/www.sob-saalfelden.at\/index.php?rest_route=\/wp\/v2\/posts\/1932\/revisions\/3599"}],"wp:attachment":[{"href":"https:\/\/www.sob-saalfelden.at\/index.php?rest_route=%2Fwp%2Fv2%2Fmedia&parent=1932"}],"wp:term":[{"taxonomy":"category","embeddable":true,"href":"https:\/\/www.sob-saalfelden.at\/index.php?rest_route=%2Fwp%2Fv2%2Fcategories&post=1932"},{"taxonomy":"post_tag","embeddable":true,"href":"https:\/\/www.sob-saalfelden.at\/index.php?rest_route=%2Fwp%2Fv2%2Ftags&post=1932"}],"curies":[{"name":"wp","href":"https:\/\/api.w.org\/{rel}","templated":true}]}}