{"id":3606,"date":"2023-07-06T14:09:16","date_gmt":"2023-07-06T14:09:16","guid":{"rendered":"https:\/\/www.sob-saalfelden.at\/?p=3606"},"modified":"2023-07-16T17:27:48","modified_gmt":"2023-07-16T17:27:48","slug":"sommerfest-2023","status":"publish","type":"post","link":"https:\/\/www.sob-saalfelden.at\/?p=3606","title":{"rendered":"Sommerfest &#8211; 2023"},"content":{"rendered":"\n<p><\/p>\n\n\n\n<div class=\"blockart-section blockart-section-72043496\"><div class=\"blockart-container\"><div class=\"blockart-section-inner\">\n<div class=\"blockart-column blockart-column-1b2538cf\"><div class=\"blockart-column-inner\">\n<h2 class=\"blockart-heading blockart-heading-94a9e652\">Sommerfest 2023<\/h2>\n\n\n\n<p class=\"blockart-paragraph blockart-paragraph-56a9f122\"><em>Ganz im Zeichen des Brauchtums &#8230;<\/em><\/p>\n\n\n\n<p class=\"blockart-paragraph blockart-paragraph-e1ef1d5d\">Das Sommerfest 2023 war wieder ein wundersch\u00f6nes Erlebnis f\u00fcr uns alle. Wir m\u00f6chten uns bei allen Beteiligten und Mitwirkenden bedanken, die dieses Fest zu einem Erlebnis machten. Beim Sch\u00e4tzspiel, die das Brauchtum der Krampusse und der Sch\u00fctzen n\u00e4herbrachte, gab es viele sch\u00f6ne Preise. Besonders bedanken m\u00f6chten wir uns bei allen Ausstellern, allen Sponsoren, bei den B\u00e4uerinnen f\u00fcr die wunderbaren &#8222;Bladl&#8220;, bei der Historischen Sch\u00fctzenkompanie Saalfelden, den Trachtenfrauen, allen Musikanten, dem Oldtimerclub, der 3. Klasse der Volksschule II, dem Polytechnischen Lehrgang Saalfelden, Siegfried Herzog f\u00fcr die wunderbaren Schn\u00e4pse, Lik\u00f6re und dem K\u00e4se und dem Seniorenhaus Farmach f\u00fcr die tolle Zusammenarbeit. <img decoding=\"async\" loading=\"lazy\" width=\"16\" height=\"16\" src=\"https:\/\/static.xx.fbcdn.net\/images\/emoji.php\/v9\/tfe\/1\/16\/1f44f.png\" alt=\"\ud83d\udc4f\">Wir freuen uns schon auf das n\u00e4chste Sommerfest mit einem neuen Motto.<\/p>\n\n\n\n<div class=\"blockart-image blockart-image-537ab0db\"><img decoding=\"async\" loading=\"lazy\" class=\"wp-image-3604\" src=\"https:\/\/www.sob-saalfelden.at\/wp-content\/uploads\/2023\/07\/Sommerfest2023.jpg\" alt=\"\" height=\"750\" width=\"1000\" srcset=\"https:\/\/www.sob-saalfelden.at\/wp-content\/uploads\/2023\/07\/Sommerfest2023.jpg 1000w, https:\/\/www.sob-saalfelden.at\/wp-content\/uploads\/2023\/07\/Sommerfest2023-300x225.jpg 300w, https:\/\/www.sob-saalfelden.at\/wp-content\/uploads\/2023\/07\/Sommerfest2023-768x576.jpg 768w\" sizes=\"(max-width: 1000px) 100vw, 1000px\" \/><\/div>\n\n\n\n<div class=\"blockart-image blockart-image-ffe997a2\"><img decoding=\"async\" loading=\"lazy\" width=\"1600\" height=\"1200\" class=\"wp-image-3613\" src=\"https:\/\/www.sob-saalfelden.at\/wp-content\/uploads\/2023\/07\/Sommerfest2023_2.jpeg\" alt=\"\" srcset=\"https:\/\/www.sob-saalfelden.at\/wp-content\/uploads\/2023\/07\/Sommerfest2023_2.jpeg 1600w, https:\/\/www.sob-saalfelden.at\/wp-content\/uploads\/2023\/07\/Sommerfest2023_2-300x225.jpeg 300w, https:\/\/www.sob-saalfelden.at\/wp-content\/uploads\/2023\/07\/Sommerfest2023_2-1024x768.jpeg 1024w, https:\/\/www.sob-saalfelden.at\/wp-content\/uploads\/2023\/07\/Sommerfest2023_2-768x576.jpeg 768w, https:\/\/www.sob-saalfelden.at\/wp-content\/uploads\/2023\/07\/Sommerfest2023_2-1536x1152.jpeg 1536w\" sizes=\"(max-width: 1600px) 100vw, 1600px\" \/><\/div>\n\n\n\n<div class=\"wp-block-group is-layout-constrained\">\n<div class=\"wp-block-columns is-layout-flex wp-container-2\">\n<div class=\"wp-block-column is-layout-flow\"><\/div>\n<\/div>\n<\/div>\n<\/div><\/div>\n\n\n\n<div class=\"blockart-column blockart-column-0594093f\"><div class=\"blockart-column-inner\">\n<div class=\"blockart-image blockart-image-a2a488ea\"><img decoding=\"async\" loading=\"lazy\" width=\"1920\" height=\"2560\" class=\"wp-image-3625\" src=\"https:\/\/www.sob-saalfelden.at\/wp-content\/uploads\/2023\/07\/PXL_20230706_072928787-scaled.jpg\" alt=\"\" srcset=\"https:\/\/www.sob-saalfelden.at\/wp-content\/uploads\/2023\/07\/PXL_20230706_072928787-scaled.jpg 1920w, https:\/\/www.sob-saalfelden.at\/wp-content\/uploads\/2023\/07\/PXL_20230706_072928787-225x300.jpg 225w, https:\/\/www.sob-saalfelden.at\/wp-content\/uploads\/2023\/07\/PXL_20230706_072928787-768x1024.jpg 768w, https:\/\/www.sob-saalfelden.at\/wp-content\/uploads\/2023\/07\/PXL_20230706_072928787-1152x1536.jpg 1152w, https:\/\/www.sob-saalfelden.at\/wp-content\/uploads\/2023\/07\/PXL_20230706_072928787-1536x2048.jpg 1536w\" sizes=\"(max-width: 1920px) 100vw, 1920px\" \/><\/div>\n\n\n\n<div class=\"blockart-image blockart-image-cc1e574f\"><img decoding=\"async\" loading=\"lazy\" width=\"1200\" height=\"1600\" class=\"wp-image-3624\" src=\"https:\/\/www.sob-saalfelden.at\/wp-content\/uploads\/2023\/07\/WhatsApp-Image-2023-07-06-at-21.39.172.jpeg\" alt=\"\" srcset=\"https:\/\/www.sob-saalfelden.at\/wp-content\/uploads\/2023\/07\/WhatsApp-Image-2023-07-06-at-21.39.172.jpeg 1200w, https:\/\/www.sob-saalfelden.at\/wp-content\/uploads\/2023\/07\/WhatsApp-Image-2023-07-06-at-21.39.172-225x300.jpeg 225w, https:\/\/www.sob-saalfelden.at\/wp-content\/uploads\/2023\/07\/WhatsApp-Image-2023-07-06-at-21.39.172-768x1024.jpeg 768w, https:\/\/www.sob-saalfelden.at\/wp-content\/uploads\/2023\/07\/WhatsApp-Image-2023-07-06-at-21.39.172-1152x1536.jpeg 1152w\" sizes=\"(max-width: 1200px) 100vw, 1200px\" \/><\/div>\n<\/div><\/div>\n<\/div><\/div><\/div>\n","protected":false},"excerpt":{"rendered":"","protected":false},"author":3,"featured_media":0,"comment_status":"closed","ping_status":"open","sticky":false,"template":"","format":"standard","meta":[],"categories":[1],"tags":[],"yoast_head":"<!-- This site is optimized with the Yoast SEO plugin v20.11 - https:\/\/yoast.com\/wordpress\/plugins\/seo\/ -->\n<title>Sommerfest - 2023 - SOB Saalfelden<\/title>\n<meta name=\"description\" content=\"Pflegeausbildung, - Pinzgau - Sozialbetreuung - Fachsozialbetreuung - Behindertenbegleitung - Altenarbeit - Behindertenarbeit\" \/>\n<meta name=\"robots\" content=\"index, follow, max-snippet:-1, max-image-preview:large, max-video-preview:-1\" \/>\n<link rel=\"canonical\" href=\"https:\/\/www.sob-saalfelden.at\/?p=3606\" \/>\n<meta property=\"og:locale\" content=\"de_DE\" \/>\n<meta property=\"og:type\" content=\"article\" \/>\n<meta property=\"og:title\" content=\"Sommerfest - 2023 - SOB Saalfelden\" \/>\n<meta property=\"og:description\" content=\"Pflegeausbildung, - Pinzgau - Sozialbetreuung - Fachsozialbetreuung - Behindertenbegleitung - Altenarbeit - Behindertenarbeit\" \/>\n<meta property=\"og:url\" content=\"https:\/\/www.sob-saalfelden.at\/?p=3606\" \/>\n<meta property=\"og:site_name\" content=\"SOB Saalfelden\" \/>\n<meta property=\"article:publisher\" content=\"https:\/\/www.facebook.com\/profile.php?id=100054260961375&amp;locale=de_DE\" \/>\n<meta property=\"article:published_time\" content=\"2023-07-06T14:09:16+00:00\" \/>\n<meta property=\"article:modified_time\" content=\"2023-07-16T17:27:48+00:00\" \/>\n<meta property=\"og:image\" content=\"https:\/\/static.xx.fbcdn.net\/images\/emoji.php\/v9\/tfe\/1\/16\/1f44f.png\" \/>\n<meta name=\"author\" content=\"Iris Schober\" \/>\n<meta name=\"twitter:card\" content=\"summary_large_image\" \/>\n<meta name=\"twitter:label1\" content=\"Verfasst von\" \/>\n\t<meta name=\"twitter:data1\" content=\"Iris Schober\" \/>\n\t<meta name=\"twitter:label2\" content=\"Gesch\u00e4tzte Lesezeit\" \/>\n\t<meta name=\"twitter:data2\" content=\"1 Minute\" \/>\n<script type=\"application\/ld+json\" class=\"yoast-schema-graph\">{\"@context\":\"https:\/\/schema.org\",\"@graph\":[{\"@type\":\"Article\",\"@id\":\"https:\/\/www.sob-saalfelden.at\/?p=3606#article\",\"isPartOf\":{\"@id\":\"https:\/\/www.sob-saalfelden.at\/?p=3606\"},\"author\":{\"name\":\"Iris Schober\",\"@id\":\"https:\/\/www.sob-saalfelden.at\/#\/schema\/person\/ba01f9bfb6bf0f5e8c9e418e54a2a76e\"},\"headline\":\"Sommerfest &#8211; 2023\",\"datePublished\":\"2023-07-06T14:09:16+00:00\",\"dateModified\":\"2023-07-16T17:27:48+00:00\",\"mainEntityOfPage\":{\"@id\":\"https:\/\/www.sob-saalfelden.at\/?p=3606\"},\"wordCount\":134,\"publisher\":{\"@id\":\"https:\/\/www.sob-saalfelden.at\/#organization\"},\"articleSection\":[\"Uncategorized\"],\"inLanguage\":\"de-AT\"},{\"@type\":\"WebPage\",\"@id\":\"https:\/\/www.sob-saalfelden.at\/?p=3606\",\"url\":\"https:\/\/www.sob-saalfelden.at\/?p=3606\",\"name\":\"Sommerfest - 2023 - SOB Saalfelden\",\"isPartOf\":{\"@id\":\"https:\/\/www.sob-saalfelden.at\/#website\"},\"datePublished\":\"2023-07-06T14:09:16+00:00\",\"dateModified\":\"2023-07-16T17:27:48+00:00\",\"description\":\"Pflegeausbildung, - Pinzgau - Sozialbetreuung - Fachsozialbetreuung - Behindertenbegleitung - Altenarbeit - Behindertenarbeit\",\"breadcrumb\":{\"@id\":\"https:\/\/www.sob-saalfelden.at\/?p=3606#breadcrumb\"},\"inLanguage\":\"de-AT\",\"potentialAction\":[{\"@type\":\"ReadAction\",\"target\":[\"https:\/\/www.sob-saalfelden.at\/?p=3606\"]}]},{\"@type\":\"BreadcrumbList\",\"@id\":\"https:\/\/www.sob-saalfelden.at\/?p=3606#breadcrumb\",\"itemListElement\":[{\"@type\":\"ListItem\",\"position\":1,\"name\":\"Home\",\"item\":\"https:\/\/www.sob-saalfelden.at\/\"},{\"@type\":\"ListItem\",\"position\":2,\"name\":\"Sommerfest &#8211; 2023\"}]},{\"@type\":\"WebSite\",\"@id\":\"https:\/\/www.sob-saalfelden.at\/#website\",\"url\":\"https:\/\/www.sob-saalfelden.at\/\",\"name\":\"SOB Saalfelden\",\"description\":\"Schule f\u00fcr Sozialbetreuungsberufe\/Altenarbeit\",\"publisher\":{\"@id\":\"https:\/\/www.sob-saalfelden.at\/#organization\"},\"alternateName\":\"Schule f\u00fcr Sozialbetreuungsberufe\/Altenarbeit\",\"potentialAction\":[{\"@type\":\"SearchAction\",\"target\":{\"@type\":\"EntryPoint\",\"urlTemplate\":\"https:\/\/www.sob-saalfelden.at\/?s={search_term_string}\"},\"query-input\":\"required name=search_term_string\"}],\"inLanguage\":\"de-AT\"},{\"@type\":\"Organization\",\"@id\":\"https:\/\/www.sob-saalfelden.at\/#organization\",\"name\":\"SOB Saalfelden\",\"alternateName\":\"Schule f\u00fcr Sozialbetreuungsberufe\/Altenarbeit\",\"url\":\"https:\/\/www.sob-saalfelden.at\/\",\"logo\":{\"@type\":\"ImageObject\",\"inLanguage\":\"de-AT\",\"@id\":\"https:\/\/www.sob-saalfelden.at\/#\/schema\/logo\/image\/\",\"url\":\"https:\/\/www.sob-saalfelden.at\/wp-content\/uploads\/2023\/03\/sob-icon.png\",\"contentUrl\":\"https:\/\/www.sob-saalfelden.at\/wp-content\/uploads\/2023\/03\/sob-icon.png\",\"width\":99,\"height\":101,\"caption\":\"SOB Saalfelden\"},\"image\":{\"@id\":\"https:\/\/www.sob-saalfelden.at\/#\/schema\/logo\/image\/\"},\"sameAs\":[\"https:\/\/www.facebook.com\/profile.php?id=100054260961375&locale=de_DE\",\"https:\/\/www.instagram.com\/sob.saalfelden\/\"]},{\"@type\":\"Person\",\"@id\":\"https:\/\/www.sob-saalfelden.at\/#\/schema\/person\/ba01f9bfb6bf0f5e8c9e418e54a2a76e\",\"name\":\"Iris Schober\",\"image\":{\"@type\":\"ImageObject\",\"inLanguage\":\"de-AT\",\"@id\":\"https:\/\/www.sob-saalfelden.at\/#\/schema\/person\/image\/\",\"url\":\"https:\/\/secure.gravatar.com\/avatar\/ed01b90833d57b5d4a258316d7900059?s=96&d=mm&r=g\",\"contentUrl\":\"https:\/\/secure.gravatar.com\/avatar\/ed01b90833d57b5d4a258316d7900059?s=96&d=mm&r=g\",\"caption\":\"Iris Schober\"},\"url\":\"https:\/\/www.sob-saalfelden.at\/?author=3\"}]}<\/script>\n<!-- \/ Yoast SEO plugin. -->","yoast_head_json":{"title":"Sommerfest - 2023 - SOB Saalfelden","description":"Pflegeausbildung, - Pinzgau - Sozialbetreuung - Fachsozialbetreuung - Behindertenbegleitung - Altenarbeit - Behindertenarbeit","robots":{"index":"index","follow":"follow","max-snippet":"max-snippet:-1","max-image-preview":"max-image-preview:large","max-video-preview":"max-video-preview:-1"},"canonical":"https:\/\/www.sob-saalfelden.at\/?p=3606","og_locale":"de_DE","og_type":"article","og_title":"Sommerfest - 2023 - SOB Saalfelden","og_description":"Pflegeausbildung, - Pinzgau - Sozialbetreuung - Fachsozialbetreuung - Behindertenbegleitung - Altenarbeit - Behindertenarbeit","og_url":"https:\/\/www.sob-saalfelden.at\/?p=3606","og_site_name":"SOB Saalfelden","article_publisher":"https:\/\/www.facebook.com\/profile.php?id=100054260961375&locale=de_DE","article_published_time":"2023-07-06T14:09:16+00:00","article_modified_time":"2023-07-16T17:27:48+00:00","og_image":[{"url":"https:\/\/static.xx.fbcdn.net\/images\/emoji.php\/v9\/tfe\/1\/16\/1f44f.png"}],"author":"Iris Schober","twitter_card":"summary_large_image","twitter_misc":{"Verfasst von":"Iris Schober","Gesch\u00e4tzte Lesezeit":"1 Minute"},"schema":{"@context":"https:\/\/schema.org","@graph":[{"@type":"Article","@id":"https:\/\/www.sob-saalfelden.at\/?p=3606#article","isPartOf":{"@id":"https:\/\/www.sob-saalfelden.at\/?p=3606"},"author":{"name":"Iris Schober","@id":"https:\/\/www.sob-saalfelden.at\/#\/schema\/person\/ba01f9bfb6bf0f5e8c9e418e54a2a76e"},"headline":"Sommerfest &#8211; 2023","datePublished":"2023-07-06T14:09:16+00:00","dateModified":"2023-07-16T17:27:48+00:00","mainEntityOfPage":{"@id":"https:\/\/www.sob-saalfelden.at\/?p=3606"},"wordCount":134,"publisher":{"@id":"https:\/\/www.sob-saalfelden.at\/#organization"},"articleSection":["Uncategorized"],"inLanguage":"de-AT"},{"@type":"WebPage","@id":"https:\/\/www.sob-saalfelden.at\/?p=3606","url":"https:\/\/www.sob-saalfelden.at\/?p=3606","name":"Sommerfest - 2023 - SOB Saalfelden","isPartOf":{"@id":"https:\/\/www.sob-saalfelden.at\/#website"},"datePublished":"2023-07-06T14:09:16+00:00","dateModified":"2023-07-16T17:27:48+00:00","description":"Pflegeausbildung, - Pinzgau - Sozialbetreuung - Fachsozialbetreuung - Behindertenbegleitung - Altenarbeit - Behindertenarbeit","breadcrumb":{"@id":"https:\/\/www.sob-saalfelden.at\/?p=3606#breadcrumb"},"inLanguage":"de-AT","potentialAction":[{"@type":"ReadAction","target":["https:\/\/www.sob-saalfelden.at\/?p=3606"]}]},{"@type":"BreadcrumbList","@id":"https:\/\/www.sob-saalfelden.at\/?p=3606#breadcrumb","itemListElement":[{"@type":"ListItem","position":1,"name":"Home","item":"https:\/\/www.sob-saalfelden.at\/"},{"@type":"ListItem","position":2,"name":"Sommerfest &#8211; 2023"}]},{"@type":"WebSite","@id":"https:\/\/www.sob-saalfelden.at\/#website","url":"https:\/\/www.sob-saalfelden.at\/","name":"SOB Saalfelden","description":"Schule f\u00fcr Sozialbetreuungsberufe\/Altenarbeit","publisher":{"@id":"https:\/\/www.sob-saalfelden.at\/#organization"},"alternateName":"Schule f\u00fcr Sozialbetreuungsberufe\/Altenarbeit","potentialAction":[{"@type":"SearchAction","target":{"@type":"EntryPoint","urlTemplate":"https:\/\/www.sob-saalfelden.at\/?s={search_term_string}"},"query-input":"required name=search_term_string"}],"inLanguage":"de-AT"},{"@type":"Organization","@id":"https:\/\/www.sob-saalfelden.at\/#organization","name":"SOB Saalfelden","alternateName":"Schule f\u00fcr Sozialbetreuungsberufe\/Altenarbeit","url":"https:\/\/www.sob-saalfelden.at\/","logo":{"@type":"ImageObject","inLanguage":"de-AT","@id":"https:\/\/www.sob-saalfelden.at\/#\/schema\/logo\/image\/","url":"https:\/\/www.sob-saalfelden.at\/wp-content\/uploads\/2023\/03\/sob-icon.png","contentUrl":"https:\/\/www.sob-saalfelden.at\/wp-content\/uploads\/2023\/03\/sob-icon.png","width":99,"height":101,"caption":"SOB Saalfelden"},"image":{"@id":"https:\/\/www.sob-saalfelden.at\/#\/schema\/logo\/image\/"},"sameAs":["https:\/\/www.facebook.com\/profile.php?id=100054260961375&locale=de_DE","https:\/\/www.instagram.com\/sob.saalfelden\/"]},{"@type":"Person","@id":"https:\/\/www.sob-saalfelden.at\/#\/schema\/person\/ba01f9bfb6bf0f5e8c9e418e54a2a76e","name":"Iris Schober","image":{"@type":"ImageObject","inLanguage":"de-AT","@id":"https:\/\/www.sob-saalfelden.at\/#\/schema\/person\/image\/","url":"https:\/\/secure.gravatar.com\/avatar\/ed01b90833d57b5d4a258316d7900059?s=96&d=mm&r=g","contentUrl":"https:\/\/secure.gravatar.com\/avatar\/ed01b90833d57b5d4a258316d7900059?s=96&d=mm&r=g","caption":"Iris Schober"},"url":"https:\/\/www.sob-saalfelden.at\/?author=3"}]}},"_links":{"self":[{"href":"https:\/\/www.sob-saalfelden.at\/index.php?rest_route=\/wp\/v2\/posts\/3606"}],"collection":[{"href":"https:\/\/www.sob-saalfelden.at\/index.php?rest_route=\/wp\/v2\/posts"}],"about":[{"href":"https:\/\/www.sob-saalfelden.at\/index.php?rest_route=\/wp\/v2\/types\/post"}],"author":[{"embeddable":true,"href":"https:\/\/www.sob-saalfelden.at\/index.php?rest_route=\/wp\/v2\/users\/3"}],"replies":[{"embeddable":true,"href":"https:\/\/www.sob-saalfelden.at\/index.php?rest_route=%2Fwp%2Fv2%2Fcomments&post=3606"}],"version-history":[{"count":9,"href":"https:\/\/www.sob-saalfelden.at\/index.php?rest_route=\/wp\/v2\/posts\/3606\/revisions"}],"predecessor-version":[{"id":3634,"href":"https:\/\/www.sob-saalfelden.at\/index.php?rest_route=\/wp\/v2\/posts\/3606\/revisions\/3634"}],"wp:attachment":[{"href":"https:\/\/www.sob-saalfelden.at\/index.php?rest_route=%2Fwp%2Fv2%2Fmedia&parent=3606"}],"wp:term":[{"taxonomy":"category","embeddable":true,"href":"https:\/\/www.sob-saalfelden.at\/index.php?rest_route=%2Fwp%2Fv2%2Fcategories&post=3606"},{"taxonomy":"post_tag","embeddable":true,"href":"https:\/\/www.sob-saalfelden.at\/index.php?rest_route=%2Fwp%2Fv2%2Ftags&post=3606"}],"curies":[{"name":"wp","href":"https:\/\/api.w.org\/{rel}","templated":true}]}}